{"id":664,"date":"2013-02-25T08:19:43","date_gmt":"2013-02-25T08:19:43","guid":{"rendered":"http:\/\/intergeo.webs.upv.es\/wordpress\/?p=664"},"modified":"2013-02-25T08:19:43","modified_gmt":"2013-02-25T08:19:43","slug":"becas-iberoamerica-santander-20132014","status":"publish","type":"post","link":"https:\/\/intergeo.webs.upv.es\/wordpress\/index.php\/becas-iberoamerica-santander-20132014\/","title":{"rendered":"Becas Iberoam\u00e9rica Santander 2013\/2014"},"content":{"rendered":"<p>Para el curso 2013\/14 se convocan <strong>15 BECAS de 3000\u20ac<\/strong> para estudiantes de UPV, con las siguientes restricciones:<!--more--><br \/>\n&#8211; Al menos <strong>5 becas<\/strong> del total se destinar\u00e1n a destinos en <strong>M\u00c9XICO<\/strong><br \/>\n&#8211; Al menos 2 becas de las 5 en M\u00c9XICO se destinar\u00e1n a la TECNOL\u00d3GICO DE MONTERREY, CAMPUS DE GUADALAJARA Es importante recalcar a los estudiantes que por este motivo<strong> las solicitudes a destinos de M\u00e9xico tendr\u00e1n prioridad<\/strong> y dentro de las solicitudes para M\u00e9xico, tendr\u00e1n prioridad las que sean para el Tecnol\u00f3gico de Monterrey, Campus de Guadalajara.<\/p>\n<p><strong>Requisito acad\u00e9mico m\u00ednimo<\/strong>: Estudiantes de grado o de 1er o 2\u00ba ciclo de planes a extinguir (NO MASTER!), habiendo obtenido al menos la mitad de los cr\u00e9ditos o superado los dos primeros cursos de sus estudios.<\/p>\n<p>El <strong>plazo de solicitud<\/strong> estar\u00e1 abierto hasta el <strong>mi\u00e9rcoles 6 de marzo<\/strong> y pretendemos resolver la semana siguiente (11-14 marzo).<\/p>\n<p>Las solicitudes se recoger\u00e1n en las oficinas de RRII de los centros. <strong>Los estudiantes deben entregar:<\/strong><br \/>\n&#8211; Fotocopia del DNI o del documento equivalente para estudiantes extranjeros<br \/>\n&#8211; Certificado de notas sin validez acad\u00e9mica donde aparezca la nota media.<br \/>\n&#8211; En su caso, documento acreditativo de conocimientos de idiomas.<br \/>\n&#8211; Documentos adicionales que requiera cada centro.<br \/>\n&#8211; Documento justificativo de haber completa el registro correspondiente en la web www.becas-santander.com (IMPRESI\u00d3N DE LA PANTALLA DE INSCRIPCI\u00d3N EN EL PROGRAMA IBEROAM\u00c9RICA GRADO 2013).<\/p>\n","protected":false},"excerpt":{"rendered":"<p>Para el curso 2013\/14 se convocan 15 BECAS de 3000\u20ac para estudiantes de UPV, con las siguientes restricciones:<\/p>\n","protected":false},"author":4,"featured_media":665,"comment_status":"closed","ping_status":"closed","sticky":false,"template":"","format":"standard","meta":{"footnotes":""},"categories":[6],"tags":[],"class_list":["post-664","post","type-post","status-publish","format-standard","has-post-thumbnail","hentry","category-specialnews"],"_links":{"self":[{"href":"https:\/\/intergeo.webs.upv.es\/wordpress\/index.php\/wp-json\/wp\/v2\/posts\/664","targetHints":{"allow":["GET"]}}],"collection":[{"href":"https:\/\/intergeo.webs.upv.es\/wordpress\/index.php\/wp-json\/wp\/v2\/posts"}],"about":[{"href":"https:\/\/intergeo.webs.upv.es\/wordpress\/index.php\/wp-json\/wp\/v2\/types\/post"}],"author":[{"embeddable":true,"href":"https:\/\/intergeo.webs.upv.es\/wordpress\/index.php\/wp-json\/wp\/v2\/users\/4"}],"replies":[{"embeddable":true,"href":"https:\/\/intergeo.webs.upv.es\/wordpress\/index.php\/wp-json\/wp\/v2\/comments?post=664"}],"version-history":[{"count":2,"href":"https:\/\/intergeo.webs.upv.es\/wordpress\/index.php\/wp-json\/wp\/v2\/posts\/664\/revisions"}],"predecessor-version":[{"id":667,"href":"https:\/\/intergeo.webs.upv.es\/wordpress\/index.php\/wp-json\/wp\/v2\/posts\/664\/revisions\/667"}],"wp:featuredmedia":[{"embeddable":true,"href":"https:\/\/intergeo.webs.upv.es\/wordpress\/index.php\/wp-json\/wp\/v2\/media\/665"}],"wp:attachment":[{"href":"https:\/\/intergeo.webs.upv.es\/wordpress\/index.php\/wp-json\/wp\/v2\/media?parent=664"}],"wp:term":[{"taxonomy":"category","embeddable":true,"href":"https:\/\/intergeo.webs.upv.es\/wordpress\/index.php\/wp-json\/wp\/v2\/categories?post=664"},{"taxonomy":"post_tag","embeddable":true,"href":"https:\/\/intergeo.webs.upv.es\/wordpress\/index.php\/wp-json\/wp\/v2\/tags?post=664"}],"curies":[{"name":"wp","href":"https:\/\/api.w.org\/{rel}","templated":true}]}}