{"id":3088,"date":"2026-03-23T12:56:35","date_gmt":"2026-03-23T11:56:35","guid":{"rendered":"https:\/\/intergeo.webs.upv.es\/wordpress\/?p=3088"},"modified":"2026-03-23T12:56:35","modified_gmt":"2026-03-23T11:56:35","slug":"aun-estas-a-tiempo-de-irte-de-erasmus","status":"publish","type":"post","link":"https:\/\/intergeo.webs.upv.es\/wordpress\/index.php\/aun-estas-a-tiempo-de-irte-de-erasmus\/","title":{"rendered":"\u00a1A\u00fan est\u00e1s a tiempo de irte de Erasmus!"},"content":{"rendered":"\n<figure class=\"wp-block-image size-large\"><a href=\"https:\/\/intergeo.webs.upv.es\/wordpress\/wp-content\/uploads\/Yellow-and-Brown-Modern-Leadership-Presentation-1.jpg\"><img loading=\"lazy\" decoding=\"async\" width=\"1024\" height=\"576\" src=\"https:\/\/intergeo.webs.upv.es\/wordpress\/wp-content\/uploads\/Yellow-and-Brown-Modern-Leadership-Presentation-1-1024x576.jpg\" alt=\"\" class=\"wp-image-3089\" srcset=\"https:\/\/intergeo.webs.upv.es\/wordpress\/wp-content\/uploads\/Yellow-and-Brown-Modern-Leadership-Presentation-1-1024x576.jpg 1024w, https:\/\/intergeo.webs.upv.es\/wordpress\/wp-content\/uploads\/Yellow-and-Brown-Modern-Leadership-Presentation-1-300x169.jpg 300w, https:\/\/intergeo.webs.upv.es\/wordpress\/wp-content\/uploads\/Yellow-and-Brown-Modern-Leadership-Presentation-1-768x432.jpg 768w, https:\/\/intergeo.webs.upv.es\/wordpress\/wp-content\/uploads\/Yellow-and-Brown-Modern-Leadership-Presentation-1-1536x864.jpg 1536w, https:\/\/intergeo.webs.upv.es\/wordpress\/wp-content\/uploads\/Yellow-and-Brown-Modern-Leadership-Presentation-1-624x351.jpg 624w, https:\/\/intergeo.webs.upv.es\/wordpress\/wp-content\/uploads\/Yellow-and-Brown-Modern-Leadership-Presentation-1.jpg 1920w\" sizes=\"auto, (max-width: 1024px) 100vw, 1024px\" \/><\/a><\/figure>\n\n\n\n<p>\u00a1A\u00fan est\u00e1s a tiempo de irte de Erasmus! <\/p>\n\n\n\n<p>Ven a la charla informativa del 21 de mayo o p\u00e1sate por la oficina (en horario de atenci\u00f3n) para consultar los destinos disponibles.<\/p>\n\n\n\n<p>Si lo est\u00e1s dudando\u2026 este es tu momento.<\/p>\n\n\n\n<p>Oficina RRII.<br>intergeo@upvnet.upv<\/p>\n","protected":false},"excerpt":{"rendered":"<p>\u00a1A\u00fan est\u00e1s a tiempo de irte de Erasmus! Ven a la charla informativa del 21 de mayo o p\u00e1sate por la oficina (en horario de atenci\u00f3n) para consultar los destinos disponibles. Si lo est\u00e1s dudando\u2026 este es tu momento. Oficina RRII.intergeo@upvnet.upv<\/p>\n","protected":false},"author":4,"featured_media":0,"comment_status":"closed","ping_status":"closed","sticky":false,"template":"","format":"standard","meta":{"footnotes":""},"categories":[6],"tags":[],"class_list":["post-3088","post","type-post","status-publish","format-standard","hentry","category-specialnews"],"_links":{"self":[{"href":"https:\/\/intergeo.webs.upv.es\/wordpress\/index.php\/wp-json\/wp\/v2\/posts\/3088","targetHints":{"allow":["GET"]}}],"collection":[{"href":"https:\/\/intergeo.webs.upv.es\/wordpress\/index.php\/wp-json\/wp\/v2\/posts"}],"about":[{"href":"https:\/\/intergeo.webs.upv.es\/wordpress\/index.php\/wp-json\/wp\/v2\/types\/post"}],"author":[{"embeddable":true,"href":"https:\/\/intergeo.webs.upv.es\/wordpress\/index.php\/wp-json\/wp\/v2\/users\/4"}],"replies":[{"embeddable":true,"href":"https:\/\/intergeo.webs.upv.es\/wordpress\/index.php\/wp-json\/wp\/v2\/comments?post=3088"}],"version-history":[{"count":1,"href":"https:\/\/intergeo.webs.upv.es\/wordpress\/index.php\/wp-json\/wp\/v2\/posts\/3088\/revisions"}],"predecessor-version":[{"id":3090,"href":"https:\/\/intergeo.webs.upv.es\/wordpress\/index.php\/wp-json\/wp\/v2\/posts\/3088\/revisions\/3090"}],"wp:attachment":[{"href":"https:\/\/intergeo.webs.upv.es\/wordpress\/index.php\/wp-json\/wp\/v2\/media?parent=3088"}],"wp:term":[{"taxonomy":"category","embeddable":true,"href":"https:\/\/intergeo.webs.upv.es\/wordpress\/index.php\/wp-json\/wp\/v2\/categories?post=3088"},{"taxonomy":"post_tag","embeddable":true,"href":"https:\/\/intergeo.webs.upv.es\/wordpress\/index.php\/wp-json\/wp\/v2\/tags?post=3088"}],"curies":[{"name":"wp","href":"https:\/\/api.w.org\/{rel}","templated":true}]}}