{"id":2501,"date":"2022-03-17T11:18:00","date_gmt":"2022-03-17T10:18:00","guid":{"rendered":"http:\/\/intergeo.webs.upv.es\/wordpress\/?p=2501"},"modified":"2022-03-17T11:18:00","modified_gmt":"2022-03-17T10:18:00","slug":"bip-tu-berlin-critical-sustainability","status":"publish","type":"post","link":"https:\/\/intergeo.webs.upv.es\/wordpress\/index.php\/bip-tu-berlin-critical-sustainability\/","title":{"rendered":"BIP TU BERLIN &#8211; Critical Sustainability"},"content":{"rendered":"\n<figure class=\"wp-block-image\"><img decoding=\"async\" src=\"https:\/\/www.n-zertifikat.tu-berlin.de\/fileadmin\/_processed_\/c\/c6\/csm_crits_-_course_440bdb885a.jpg\" alt=\"\"\/><\/figure>\n\n\n\n<p>\u00bfHas pensado en realizar una movilidad pero todav\u00eda no te has animado a participar en un erasmus?<\/p>\n\n\n\n<p>\u00bfEst\u00e1s interesad@ en descubrir c\u00f3mo es formar parte de otra universidad europea y participar en un curso sobre an\u00e1lisis cr\u00edtico?<\/p>\n\n\n\n<p><strong>La Universidad T\u00e9cnica de Berl\u00edn (TU Berlin) va a organizar este verano un curso titulado \u201cCritical Sustainability\u201d<\/strong>, y gracias a Erasmus+ puedes formar parte como alumno internacional.<\/p>\n\n\n\n<p>En el se tratar\u00e1n las <em>Relaciones de poder &#8211; Relaciones sociedad-naturaleza &#8211; Teor\u00eda cr\u00edtica \u2013 Fusi\u00f3n de artes y ciencias \u2013 Investigar para intervenir con soluciones &#8211; Democratizaci\u00f3n &#8211; Transformaci\u00f3n social y ecol\u00f3gica<\/em>.<\/p>\n\n\n\n<p>El curso consiste en un total de 120 horas de trabajo, con la primera parte siendo de car\u00e1cter virtual entre el <strong>5 de abril y el 2 de junio<\/strong>.<\/p>\n\n\n\n<p>La segunda parte es totalmente presencial, y tendr\u00e1 lugar en la TU Berlin <strong>del 25 al 29 de julio<\/strong>.<\/p>\n\n\n\n<p>Para poder participar, solo necesitas ser parte de la UPV y tener un nivel de ingl\u00e9s B2 (con el objetivo de poder comunicarte con tus compa\u00f1eros sin problema).<\/p>\n\n\n\n<p>Por formar parte de esta movilidad, podr\u00e1s solicitar hasta un total de <strong><u>6 cr\u00e9ditos por las 120 horas de trabajo realizado<\/u><\/strong>.<\/p>\n\n\n\n<p>Adem\u00e1s, como todas las movilidades erasmus recibir\u00e1s ayuda econ\u00f3mica para los gastos de viaje y manutenci\u00f3n.<\/p>\n\n\n\n<p>Si quieres formar parte, <strong>tienes hasta el 30 de marzo para presentar tu solicitud en TU Berlin<\/strong>, quienes elegir\u00e1n a los <strong>10 alumnos de la UPV que formar\u00e1n parte<\/strong>.<\/p>\n\n\n\n<p>Aqu\u00ed tienes enlace con toda la informaci\u00f3n: <a href=\"http:\/\/www.upv.es\/entidades\/OPII\/infoweb\/pi\/info\/1185290normalc.html\">Erasmus BIP Critical Sustainability -TU Berlin (abril-julio 2022) : Oficina de Programas Internacionales de Intercambio : UPV<\/a><\/p>\n\n\n\n<p>Informaci\u00f3n de la parte virtual: <a href=\"https:\/\/www.n-zertifikat.tu-berlin.de\/menue\/critical_sustainability\">N-Zertifikat: Kritische Nachhaltigkeit \/ Critical Sustainability (tu-berlin.de)<\/a><br>Informaci\u00f3n de la parte presencial: <a href=\"https:\/\/www.n-zertifikat.tu-berlin.de\/menue\/critical_sustainability\/enhance_week\/\">N-Zertifikat: ENHANCE Berlin Crits Week Summer 2022 (tu-berlin.de)<\/a><\/p>\n\n\n\n<p><em><u>Quedan excluidos aquellos estudiantes que han realizado o est\u00e1n realizando una movilidad Erasmus estudios de larga duraci\u00f3n durante el curso 2021-22 (1er semestre, 2\u00ba semestre o curso completo) en cualquier pa\u00eds.<\/u><\/em><\/p>\n\n\n\n<p><strong>\u00a1No dej\u00e9is escapar esta oportunidad!<\/strong><\/p>\n","protected":false},"excerpt":{"rendered":"<p>\u00bfHas pensado en realizar una movilidad pero todav\u00eda no te has animado a participar en un erasmus? \u00bfEst\u00e1s interesad@ en descubrir c\u00f3mo es formar parte de otra universidad europea y participar en un curso sobre an\u00e1lisis cr\u00edtico? La Universidad T\u00e9cnica de Berl\u00edn (TU Berlin) va a organizar este verano un curso titulado \u201cCritical Sustainability\u201d, y [&hellip;]<\/p>\n","protected":false},"author":4,"featured_media":0,"comment_status":"closed","ping_status":"closed","sticky":false,"template":"","format":"standard","meta":{"footnotes":""},"categories":[6],"tags":[],"class_list":["post-2501","post","type-post","status-publish","format-standard","hentry","category-specialnews"],"_links":{"self":[{"href":"https:\/\/intergeo.webs.upv.es\/wordpress\/index.php\/wp-json\/wp\/v2\/posts\/2501","targetHints":{"allow":["GET"]}}],"collection":[{"href":"https:\/\/intergeo.webs.upv.es\/wordpress\/index.php\/wp-json\/wp\/v2\/posts"}],"about":[{"href":"https:\/\/intergeo.webs.upv.es\/wordpress\/index.php\/wp-json\/wp\/v2\/types\/post"}],"author":[{"embeddable":true,"href":"https:\/\/intergeo.webs.upv.es\/wordpress\/index.php\/wp-json\/wp\/v2\/users\/4"}],"replies":[{"embeddable":true,"href":"https:\/\/intergeo.webs.upv.es\/wordpress\/index.php\/wp-json\/wp\/v2\/comments?post=2501"}],"version-history":[{"count":1,"href":"https:\/\/intergeo.webs.upv.es\/wordpress\/index.php\/wp-json\/wp\/v2\/posts\/2501\/revisions"}],"predecessor-version":[{"id":2502,"href":"https:\/\/intergeo.webs.upv.es\/wordpress\/index.php\/wp-json\/wp\/v2\/posts\/2501\/revisions\/2502"}],"wp:attachment":[{"href":"https:\/\/intergeo.webs.upv.es\/wordpress\/index.php\/wp-json\/wp\/v2\/media?parent=2501"}],"wp:term":[{"taxonomy":"category","embeddable":true,"href":"https:\/\/intergeo.webs.upv.es\/wordpress\/index.php\/wp-json\/wp\/v2\/categories?post=2501"},{"taxonomy":"post_tag","embeddable":true,"href":"https:\/\/intergeo.webs.upv.es\/wordpress\/index.php\/wp-json\/wp\/v2\/tags?post=2501"}],"curies":[{"name":"wp","href":"https:\/\/api.w.org\/{rel}","templated":true}]}}