{"id":2494,"date":"2022-02-14T10:39:09","date_gmt":"2022-02-14T09:39:09","guid":{"rendered":"http:\/\/intergeo.webs.upv.es\/wordpress\/?p=2494"},"modified":"2022-02-14T10:39:09","modified_gmt":"2022-02-14T09:39:09","slug":"convocatoria-sicue-2022-2023","status":"publish","type":"post","link":"https:\/\/intergeo.webs.upv.es\/wordpress\/index.php\/convocatoria-sicue-2022-2023\/","title":{"rendered":"CONVOCATORIA SICUE 2022-2023"},"content":{"rendered":"\n<figure class=\"wp-block-image size-full\"><a href=\"https:\/\/intergeo.webs.upv.es\/wordpress\/wp-content\/uploads\/image-4.png\"><img loading=\"lazy\" decoding=\"async\" width=\"1008\" height=\"715\" src=\"https:\/\/intergeo.webs.upv.es\/wordpress\/wp-content\/uploads\/image-4.png\" alt=\"\" class=\"wp-image-2496\" srcset=\"https:\/\/intergeo.webs.upv.es\/wordpress\/wp-content\/uploads\/image-4.png 1008w, https:\/\/intergeo.webs.upv.es\/wordpress\/wp-content\/uploads\/image-4-300x213.png 300w, https:\/\/intergeo.webs.upv.es\/wordpress\/wp-content\/uploads\/image-4-768x545.png 768w, https:\/\/intergeo.webs.upv.es\/wordpress\/wp-content\/uploads\/image-4-624x443.png 624w\" sizes=\"auto, (max-width: 1008px) 100vw, 1008px\" \/><\/a><\/figure>\n\n\n\n<p>\u00a1Desde el 11 de febrero y hasta el pr\u00f3ximo 25 de febrero estar\u00e1 abierta la convocatoria SICUE para el curso acad\u00e9mico 2022-2023!<\/p>\n\n\n\n<p>Puedes solicitarlo desde la aplicaci\u00f3n AIRE.<\/p>\n\n\n\n<p>Los destinos disponibles para el <strong>Grado en Ingenier\u00eda Geom\u00e1tica  y Topograf\u00eda<\/strong> son:<\/p>\n\n\n\n<ul class=\"wp-block-list\"><li>Universidad de Las Palmas de Gran Canaria.<\/li><li>Universidad de Le\u00f3n (Ponferrada).<\/li><li>Universidad de Oviedo (Escuela Polit\u00e9cnica de Mieres).<\/li><li>Universidad de Salamanca (EPS \u00c1vila).<\/li><li>Universidad Polit\u00e9cnica de Madrid.<\/li><\/ul>\n\n\n\n<p>Para m\u00e1s informaci\u00f3n visita la p\u00e1gina web: <a rel=\"noreferrer noopener\" href=\"http:\/\/www.upv.es\/entidades\/OPII\/infoweb\/pi\/info\/761226normalc.html\" target=\"_blank\">http:\/\/www.upv.es\/entidades\/OPII\/infoweb\/pi\/info\/761226normalc.html<\/a><\/p>\n\n\n\n<p>O contacta con la OPII: <a rel=\"noreferrer noopener\" href=\"mailto:opii@upvnet.upv.es\" target=\"_blank\">opii@upvnet.upv.es<\/a> con el ausnto \u00abSolicitud SICUE 2022-2023\u00bb.<\/p>\n","protected":false},"excerpt":{"rendered":"<p>\u00a1Desde el 11 de febrero y hasta el pr\u00f3ximo 25 de febrero estar\u00e1 abierta la convocatoria SICUE para el curso acad\u00e9mico 2022-2023! Puedes solicitarlo desde la aplicaci\u00f3n AIRE. Los destinos disponibles para el Grado en Ingenier\u00eda Geom\u00e1tica y Topograf\u00eda son: Universidad de Las Palmas de Gran Canaria. Universidad de Le\u00f3n (Ponferrada). Universidad de Oviedo (Escuela [&hellip;]<\/p>\n","protected":false},"author":4,"featured_media":0,"comment_status":"closed","ping_status":"closed","sticky":false,"template":"","format":"standard","meta":{"footnotes":""},"categories":[6],"tags":[],"class_list":["post-2494","post","type-post","status-publish","format-standard","hentry","category-specialnews"],"_links":{"self":[{"href":"https:\/\/intergeo.webs.upv.es\/wordpress\/index.php\/wp-json\/wp\/v2\/posts\/2494","targetHints":{"allow":["GET"]}}],"collection":[{"href":"https:\/\/intergeo.webs.upv.es\/wordpress\/index.php\/wp-json\/wp\/v2\/posts"}],"about":[{"href":"https:\/\/intergeo.webs.upv.es\/wordpress\/index.php\/wp-json\/wp\/v2\/types\/post"}],"author":[{"embeddable":true,"href":"https:\/\/intergeo.webs.upv.es\/wordpress\/index.php\/wp-json\/wp\/v2\/users\/4"}],"replies":[{"embeddable":true,"href":"https:\/\/intergeo.webs.upv.es\/wordpress\/index.php\/wp-json\/wp\/v2\/comments?post=2494"}],"version-history":[{"count":1,"href":"https:\/\/intergeo.webs.upv.es\/wordpress\/index.php\/wp-json\/wp\/v2\/posts\/2494\/revisions"}],"predecessor-version":[{"id":2498,"href":"https:\/\/intergeo.webs.upv.es\/wordpress\/index.php\/wp-json\/wp\/v2\/posts\/2494\/revisions\/2498"}],"wp:attachment":[{"href":"https:\/\/intergeo.webs.upv.es\/wordpress\/index.php\/wp-json\/wp\/v2\/media?parent=2494"}],"wp:term":[{"taxonomy":"category","embeddable":true,"href":"https:\/\/intergeo.webs.upv.es\/wordpress\/index.php\/wp-json\/wp\/v2\/categories?post=2494"},{"taxonomy":"post_tag","embeddable":true,"href":"https:\/\/intergeo.webs.upv.es\/wordpress\/index.php\/wp-json\/wp\/v2\/tags?post=2494"}],"curies":[{"name":"wp","href":"https:\/\/api.w.org\/{rel}","templated":true}]}}